{"id":970,"date":"2023-11-22T15:46:48","date_gmt":"2023-11-22T15:46:48","guid":{"rendered":"https:\/\/devpek.ca\/developpement-pek-suivra-de-pres-la-reconciliation-economique-hydro-quebec\/"},"modified":"2024-04-30T09:22:12","modified_gmt":"2024-04-30T09:22:12","slug":"developpement-pek-follows-economic-reconciliation-with-hydro-quebec","status":"publish","type":"post","link":"https:\/\/devpek.ca\/en\/developpement-pek-follows-economic-reconciliation-with-hydro-quebec\/","title":{"rendered":"D\u00e9veloppement PEK follows economic reconciliation with Hydro-Qu\u00e9bec"},"content":{"rendered":"\n<p>Hydro-Qu\u00e9bec recently unveiled its action plan entitled \u00ab&nbsp;<em>Towards a Decarbonized and Prosperous Qu\u00e9bec<\/em>&nbsp;\u00bb. In addition to increasing production and developing new projects, the company also mentioned that working more closely with Aboriginal communities was among its priorities.<\/p>\n\n\n\n<p>As a non-profit organization 100% owned by Pekuakamiulnuatsh Takuhikan, D\u00e9veloppement PEK will closely follow discussions between the company and Indigenous communities. We will be ready to play the role entrusted to us by the council.<\/p>\n\n\n\n<p>In his column, Ken Rock illustrates the challenge of economic reconciliation with Hydro-Qu\u00e9bec. <a href=\"https:\/\/www.lesaffaires.com\/blogues\/ken-rock\/le-defi-de-la-reconciliation-economique-dhydro-quebec\/645311\" target=\"_blank\" rel=\"noreferrer noopener\">To read the article, click here.<\/a><\/p>\n","protected":false},"excerpt":{"rendered":"<p>D\u00e9veloppement PEK follows economic reconciliation with Hydro-Qu\u00e9bec<\/p>\n","protected":false},"author":2,"featured_media":971,"comment_status":"closed","ping_status":"closed","sticky":false,"template":"","format":"standard","meta":{"footnotes":""},"categories":[4],"tags":[],"class_list":["post-970","post","type-post","status-publish","format-standard","has-post-thumbnail","hentry","category-uncategorized"],"acf":[],"yoast_head":"<!-- This site is optimized with the Yoast SEO plugin v27.5 - https:\/\/yoast.com\/product\/yoast-seo-wordpress\/ -->\n<title>D\u00e9veloppement PEK follows economic reconciliation with Hydro-Qu\u00e9bec - D\u00e9veloppement PEK<\/title>\n<meta name=\"description\" content=\"D\u00e9veloppement PEK suivra de pr\u00e8s les discussions entre Hydro-Qu\u00e9bec et les communaut\u00e9s autochtones.\" \/>\n<meta name=\"robots\" content=\"index, follow, max-snippet:-1, max-image-preview:large, max-video-preview:-1\" \/>\n<link rel=\"canonical\" href=\"https:\/\/devpek.ca\/en\/developpement-pek-follows-economic-reconciliation-with-hydro-quebec\/\" \/>\n<meta property=\"og:locale\" content=\"en_US\" \/>\n<meta property=\"og:type\" content=\"article\" \/>\n<meta property=\"og:title\" content=\"D\u00e9veloppement PEK follows economic reconciliation with Hydro-Qu\u00e9bec - D\u00e9veloppement PEK\" \/>\n<meta property=\"og:description\" content=\"D\u00e9veloppement PEK suivra de pr\u00e8s les discussions entre Hydro-Qu\u00e9bec et les communaut\u00e9s autochtones.\" \/>\n<meta property=\"og:url\" content=\"https:\/\/devpek.ca\/en\/developpement-pek-follows-economic-reconciliation-with-hydro-quebec\/\" \/>\n<meta property=\"og:site_name\" content=\"D\u00e9veloppement PEK\" \/>\n<meta property=\"article:publisher\" content=\"https:\/\/www.facebook.com\/developpementpek\" \/>\n<meta property=\"article:published_time\" content=\"2023-11-22T15:46:48+00:00\" \/>\n<meta property=\"article:modified_time\" content=\"2024-04-30T09:22:12+00:00\" \/>\n<meta property=\"og:image\" content=\"https:\/\/devpek.ca\/wp-content\/uploads\/2022\/11\/communaute.png\" \/>\n\t<meta property=\"og:image:width\" content=\"690\" \/>\n\t<meta property=\"og:image:height\" content=\"723\" \/>\n\t<meta property=\"og:image:type\" content=\"image\/png\" \/>\n<meta name=\"author\" content=\"admin\" \/>\n<meta name=\"twitter:card\" content=\"summary_large_image\" \/>\n<meta name=\"twitter:label1\" content=\"Written by\" \/>\n\t<meta name=\"twitter:data1\" content=\"admin\" \/>\n\t<meta name=\"twitter:label2\" content=\"Est. reading time\" \/>\n\t<meta name=\"twitter:data2\" content=\"1 minute\" \/>\n<script type=\"application\/ld+json\" class=\"yoast-schema-graph\">{\"@context\":\"https:\\\/\\\/schema.org\",\"@graph\":[{\"@type\":\"Article\",\"@id\":\"https:\\\/\\\/devpek.ca\\\/en\\\/developpement-pek-follows-economic-reconciliation-with-hydro-quebec\\\/#article\",\"isPartOf\":{\"@id\":\"https:\\\/\\\/devpek.ca\\\/en\\\/developpement-pek-follows-economic-reconciliation-with-hydro-quebec\\\/\"},\"author\":{\"name\":\"admin\",\"@id\":\"https:\\\/\\\/devpek.ca\\\/#\\\/schema\\\/person\\\/e36eb3c35a41218dc5d04828d815a3ba\"},\"headline\":\"D\u00e9veloppement PEK follows economic reconciliation with Hydro-Qu\u00e9bec\",\"datePublished\":\"2023-11-22T15:46:48+00:00\",\"dateModified\":\"2024-04-30T09:22:12+00:00\",\"mainEntityOfPage\":{\"@id\":\"https:\\\/\\\/devpek.ca\\\/en\\\/developpement-pek-follows-economic-reconciliation-with-hydro-quebec\\\/\"},\"wordCount\":105,\"publisher\":{\"@id\":\"https:\\\/\\\/devpek.ca\\\/#organization\"},\"image\":{\"@id\":\"https:\\\/\\\/devpek.ca\\\/en\\\/developpement-pek-follows-economic-reconciliation-with-hydro-quebec\\\/#primaryimage\"},\"thumbnailUrl\":\"https:\\\/\\\/devpek.ca\\\/wp-content\\\/uploads\\\/2022\\\/11\\\/communaute.png\",\"inLanguage\":\"en-US\"},{\"@type\":\"WebPage\",\"@id\":\"https:\\\/\\\/devpek.ca\\\/en\\\/developpement-pek-follows-economic-reconciliation-with-hydro-quebec\\\/\",\"url\":\"https:\\\/\\\/devpek.ca\\\/en\\\/developpement-pek-follows-economic-reconciliation-with-hydro-quebec\\\/\",\"name\":\"D\u00e9veloppement PEK follows economic reconciliation with Hydro-Qu\u00e9bec - D\u00e9veloppement PEK\",\"isPartOf\":{\"@id\":\"https:\\\/\\\/devpek.ca\\\/#website\"},\"primaryImageOfPage\":{\"@id\":\"https:\\\/\\\/devpek.ca\\\/en\\\/developpement-pek-follows-economic-reconciliation-with-hydro-quebec\\\/#primaryimage\"},\"image\":{\"@id\":\"https:\\\/\\\/devpek.ca\\\/en\\\/developpement-pek-follows-economic-reconciliation-with-hydro-quebec\\\/#primaryimage\"},\"thumbnailUrl\":\"https:\\\/\\\/devpek.ca\\\/wp-content\\\/uploads\\\/2022\\\/11\\\/communaute.png\",\"datePublished\":\"2023-11-22T15:46:48+00:00\",\"dateModified\":\"2024-04-30T09:22:12+00:00\",\"description\":\"D\u00e9veloppement PEK suivra de pr\u00e8s les discussions entre Hydro-Qu\u00e9bec et les communaut\u00e9s autochtones.\",\"breadcrumb\":{\"@id\":\"https:\\\/\\\/devpek.ca\\\/en\\\/developpement-pek-follows-economic-reconciliation-with-hydro-quebec\\\/#breadcrumb\"},\"inLanguage\":\"en-US\",\"potentialAction\":[{\"@type\":\"ReadAction\",\"target\":[\"https:\\\/\\\/devpek.ca\\\/en\\\/developpement-pek-follows-economic-reconciliation-with-hydro-quebec\\\/\"]}]},{\"@type\":\"ImageObject\",\"inLanguage\":\"en-US\",\"@id\":\"https:\\\/\\\/devpek.ca\\\/en\\\/developpement-pek-follows-economic-reconciliation-with-hydro-quebec\\\/#primaryimage\",\"url\":\"https:\\\/\\\/devpek.ca\\\/wp-content\\\/uploads\\\/2022\\\/11\\\/communaute.png\",\"contentUrl\":\"https:\\\/\\\/devpek.ca\\\/wp-content\\\/uploads\\\/2022\\\/11\\\/communaute.png\",\"width\":690,\"height\":723},{\"@type\":\"BreadcrumbList\",\"@id\":\"https:\\\/\\\/devpek.ca\\\/en\\\/developpement-pek-follows-economic-reconciliation-with-hydro-quebec\\\/#breadcrumb\",\"itemListElement\":[{\"@type\":\"ListItem\",\"position\":1,\"name\":\"Accueil\",\"item\":\"https:\\\/\\\/devpek.ca\\\/en\\\/\"},{\"@type\":\"ListItem\",\"position\":2,\"name\":\"D\u00e9veloppement PEK follows economic reconciliation with Hydro-Qu\u00e9bec\"}]},{\"@type\":\"WebSite\",\"@id\":\"https:\\\/\\\/devpek.ca\\\/#website\",\"url\":\"https:\\\/\\\/devpek.ca\\\/\",\"name\":\"D\u00e9veloppement PEK\",\"description\":\"Notre \u00e9nergie fait la diff\u00e9rence.\",\"publisher\":{\"@id\":\"https:\\\/\\\/devpek.ca\\\/#organization\"},\"potentialAction\":[{\"@type\":\"SearchAction\",\"target\":{\"@type\":\"EntryPoint\",\"urlTemplate\":\"https:\\\/\\\/devpek.ca\\\/?s={search_term_string}\"},\"query-input\":{\"@type\":\"PropertyValueSpecification\",\"valueRequired\":true,\"valueName\":\"search_term_string\"}}],\"inLanguage\":\"en-US\"},{\"@type\":\"Organization\",\"@id\":\"https:\\\/\\\/devpek.ca\\\/#organization\",\"name\":\"D\u00e9vekoppement PEK\",\"url\":\"https:\\\/\\\/devpek.ca\\\/\",\"logo\":{\"@type\":\"ImageObject\",\"inLanguage\":\"en-US\",\"@id\":\"https:\\\/\\\/devpek.ca\\\/#\\\/schema\\\/logo\\\/image\\\/\",\"url\":\"https:\\\/\\\/devpek.ca\\\/wp-content\\\/uploads\\\/2023\\\/10\\\/cropped-Fichier-1-2.png\",\"contentUrl\":\"https:\\\/\\\/devpek.ca\\\/wp-content\\\/uploads\\\/2023\\\/10\\\/cropped-Fichier-1-2.png\",\"width\":512,\"height\":512,\"caption\":\"D\u00e9vekoppement PEK\"},\"image\":{\"@id\":\"https:\\\/\\\/devpek.ca\\\/#\\\/schema\\\/logo\\\/image\\\/\"},\"sameAs\":[\"https:\\\/\\\/www.facebook.com\\\/developpementpek\",\"https:\\\/\\\/www.linkedin.com\\\/company\\\/developpement-pek\",\"https:\\\/\\\/www.youtube.com\\\/@developpementpek\"]},{\"@type\":\"Person\",\"@id\":\"https:\\\/\\\/devpek.ca\\\/#\\\/schema\\\/person\\\/e36eb3c35a41218dc5d04828d815a3ba\",\"name\":\"admin\",\"image\":{\"@type\":\"ImageObject\",\"inLanguage\":\"en-US\",\"@id\":\"https:\\\/\\\/secure.gravatar.com\\\/avatar\\\/1ab4062bffa797376c6de39c0a16dfd6590b5a9019f39e3b6a40e97845de6b33?s=96&d=mm&r=g\",\"url\":\"https:\\\/\\\/secure.gravatar.com\\\/avatar\\\/1ab4062bffa797376c6de39c0a16dfd6590b5a9019f39e3b6a40e97845de6b33?s=96&d=mm&r=g\",\"contentUrl\":\"https:\\\/\\\/secure.gravatar.com\\\/avatar\\\/1ab4062bffa797376c6de39c0a16dfd6590b5a9019f39e3b6a40e97845de6b33?s=96&d=mm&r=g\",\"caption\":\"admin\"},\"url\":\"https:\\\/\\\/devpek.ca\\\/en\\\/author\\\/admin\\\/\"}]}<\/script>\n<!-- \/ Yoast SEO plugin. -->","yoast_head_json":{"title":"D\u00e9veloppement PEK follows economic reconciliation with Hydro-Qu\u00e9bec - D\u00e9veloppement PEK","description":"D\u00e9veloppement PEK suivra de pr\u00e8s les discussions entre Hydro-Qu\u00e9bec et les communaut\u00e9s autochtones.","robots":{"index":"index","follow":"follow","max-snippet":"max-snippet:-1","max-image-preview":"max-image-preview:large","max-video-preview":"max-video-preview:-1"},"canonical":"https:\/\/devpek.ca\/en\/developpement-pek-follows-economic-reconciliation-with-hydro-quebec\/","og_locale":"en_US","og_type":"article","og_title":"D\u00e9veloppement PEK follows economic reconciliation with Hydro-Qu\u00e9bec - D\u00e9veloppement PEK","og_description":"D\u00e9veloppement PEK suivra de pr\u00e8s les discussions entre Hydro-Qu\u00e9bec et les communaut\u00e9s autochtones.","og_url":"https:\/\/devpek.ca\/en\/developpement-pek-follows-economic-reconciliation-with-hydro-quebec\/","og_site_name":"D\u00e9veloppement PEK","article_publisher":"https:\/\/www.facebook.com\/developpementpek","article_published_time":"2023-11-22T15:46:48+00:00","article_modified_time":"2024-04-30T09:22:12+00:00","og_image":[{"width":690,"height":723,"url":"https:\/\/devpek.ca\/wp-content\/uploads\/2022\/11\/communaute.png","type":"image\/png"}],"author":"admin","twitter_card":"summary_large_image","twitter_misc":{"Written by":"admin","Est. reading time":"1 minute"},"schema":{"@context":"https:\/\/schema.org","@graph":[{"@type":"Article","@id":"https:\/\/devpek.ca\/en\/developpement-pek-follows-economic-reconciliation-with-hydro-quebec\/#article","isPartOf":{"@id":"https:\/\/devpek.ca\/en\/developpement-pek-follows-economic-reconciliation-with-hydro-quebec\/"},"author":{"name":"admin","@id":"https:\/\/devpek.ca\/#\/schema\/person\/e36eb3c35a41218dc5d04828d815a3ba"},"headline":"D\u00e9veloppement PEK follows economic reconciliation with Hydro-Qu\u00e9bec","datePublished":"2023-11-22T15:46:48+00:00","dateModified":"2024-04-30T09:22:12+00:00","mainEntityOfPage":{"@id":"https:\/\/devpek.ca\/en\/developpement-pek-follows-economic-reconciliation-with-hydro-quebec\/"},"wordCount":105,"publisher":{"@id":"https:\/\/devpek.ca\/#organization"},"image":{"@id":"https:\/\/devpek.ca\/en\/developpement-pek-follows-economic-reconciliation-with-hydro-quebec\/#primaryimage"},"thumbnailUrl":"https:\/\/devpek.ca\/wp-content\/uploads\/2022\/11\/communaute.png","inLanguage":"en-US"},{"@type":"WebPage","@id":"https:\/\/devpek.ca\/en\/developpement-pek-follows-economic-reconciliation-with-hydro-quebec\/","url":"https:\/\/devpek.ca\/en\/developpement-pek-follows-economic-reconciliation-with-hydro-quebec\/","name":"D\u00e9veloppement PEK follows economic reconciliation with Hydro-Qu\u00e9bec - D\u00e9veloppement PEK","isPartOf":{"@id":"https:\/\/devpek.ca\/#website"},"primaryImageOfPage":{"@id":"https:\/\/devpek.ca\/en\/developpement-pek-follows-economic-reconciliation-with-hydro-quebec\/#primaryimage"},"image":{"@id":"https:\/\/devpek.ca\/en\/developpement-pek-follows-economic-reconciliation-with-hydro-quebec\/#primaryimage"},"thumbnailUrl":"https:\/\/devpek.ca\/wp-content\/uploads\/2022\/11\/communaute.png","datePublished":"2023-11-22T15:46:48+00:00","dateModified":"2024-04-30T09:22:12+00:00","description":"D\u00e9veloppement PEK suivra de pr\u00e8s les discussions entre Hydro-Qu\u00e9bec et les communaut\u00e9s autochtones.","breadcrumb":{"@id":"https:\/\/devpek.ca\/en\/developpement-pek-follows-economic-reconciliation-with-hydro-quebec\/#breadcrumb"},"inLanguage":"en-US","potentialAction":[{"@type":"ReadAction","target":["https:\/\/devpek.ca\/en\/developpement-pek-follows-economic-reconciliation-with-hydro-quebec\/"]}]},{"@type":"ImageObject","inLanguage":"en-US","@id":"https:\/\/devpek.ca\/en\/developpement-pek-follows-economic-reconciliation-with-hydro-quebec\/#primaryimage","url":"https:\/\/devpek.ca\/wp-content\/uploads\/2022\/11\/communaute.png","contentUrl":"https:\/\/devpek.ca\/wp-content\/uploads\/2022\/11\/communaute.png","width":690,"height":723},{"@type":"BreadcrumbList","@id":"https:\/\/devpek.ca\/en\/developpement-pek-follows-economic-reconciliation-with-hydro-quebec\/#breadcrumb","itemListElement":[{"@type":"ListItem","position":1,"name":"Accueil","item":"https:\/\/devpek.ca\/en\/"},{"@type":"ListItem","position":2,"name":"D\u00e9veloppement PEK follows economic reconciliation with Hydro-Qu\u00e9bec"}]},{"@type":"WebSite","@id":"https:\/\/devpek.ca\/#website","url":"https:\/\/devpek.ca\/","name":"D\u00e9veloppement PEK","description":"Notre \u00e9nergie fait la diff\u00e9rence.","publisher":{"@id":"https:\/\/devpek.ca\/#organization"},"potentialAction":[{"@type":"SearchAction","target":{"@type":"EntryPoint","urlTemplate":"https:\/\/devpek.ca\/?s={search_term_string}"},"query-input":{"@type":"PropertyValueSpecification","valueRequired":true,"valueName":"search_term_string"}}],"inLanguage":"en-US"},{"@type":"Organization","@id":"https:\/\/devpek.ca\/#organization","name":"D\u00e9vekoppement PEK","url":"https:\/\/devpek.ca\/","logo":{"@type":"ImageObject","inLanguage":"en-US","@id":"https:\/\/devpek.ca\/#\/schema\/logo\/image\/","url":"https:\/\/devpek.ca\/wp-content\/uploads\/2023\/10\/cropped-Fichier-1-2.png","contentUrl":"https:\/\/devpek.ca\/wp-content\/uploads\/2023\/10\/cropped-Fichier-1-2.png","width":512,"height":512,"caption":"D\u00e9vekoppement PEK"},"image":{"@id":"https:\/\/devpek.ca\/#\/schema\/logo\/image\/"},"sameAs":["https:\/\/www.facebook.com\/developpementpek","https:\/\/www.linkedin.com\/company\/developpement-pek","https:\/\/www.youtube.com\/@developpementpek"]},{"@type":"Person","@id":"https:\/\/devpek.ca\/#\/schema\/person\/e36eb3c35a41218dc5d04828d815a3ba","name":"admin","image":{"@type":"ImageObject","inLanguage":"en-US","@id":"https:\/\/secure.gravatar.com\/avatar\/1ab4062bffa797376c6de39c0a16dfd6590b5a9019f39e3b6a40e97845de6b33?s=96&d=mm&r=g","url":"https:\/\/secure.gravatar.com\/avatar\/1ab4062bffa797376c6de39c0a16dfd6590b5a9019f39e3b6a40e97845de6b33?s=96&d=mm&r=g","contentUrl":"https:\/\/secure.gravatar.com\/avatar\/1ab4062bffa797376c6de39c0a16dfd6590b5a9019f39e3b6a40e97845de6b33?s=96&d=mm&r=g","caption":"admin"},"url":"https:\/\/devpek.ca\/en\/author\/admin\/"}]}},"_links":{"self":[{"href":"https:\/\/devpek.ca\/en\/wp-json\/wp\/v2\/posts\/970","targetHints":{"allow":["GET"]}}],"collection":[{"href":"https:\/\/devpek.ca\/en\/wp-json\/wp\/v2\/posts"}],"about":[{"href":"https:\/\/devpek.ca\/en\/wp-json\/wp\/v2\/types\/post"}],"author":[{"embeddable":true,"href":"https:\/\/devpek.ca\/en\/wp-json\/wp\/v2\/users\/2"}],"replies":[{"embeddable":true,"href":"https:\/\/devpek.ca\/en\/wp-json\/wp\/v2\/comments?post=970"}],"version-history":[{"count":1,"href":"https:\/\/devpek.ca\/en\/wp-json\/wp\/v2\/posts\/970\/revisions"}],"predecessor-version":[{"id":973,"href":"https:\/\/devpek.ca\/en\/wp-json\/wp\/v2\/posts\/970\/revisions\/973"}],"wp:featuredmedia":[{"embeddable":true,"href":"https:\/\/devpek.ca\/en\/wp-json\/wp\/v2\/media\/971"}],"wp:attachment":[{"href":"https:\/\/devpek.ca\/en\/wp-json\/wp\/v2\/media?parent=970"}],"wp:term":[{"taxonomy":"category","embeddable":true,"href":"https:\/\/devpek.ca\/en\/wp-json\/wp\/v2\/categories?post=970"},{"taxonomy":"post_tag","embeddable":true,"href":"https:\/\/devpek.ca\/en\/wp-json\/wp\/v2\/tags?post=970"}],"curies":[{"name":"wp","href":"https:\/\/api.w.org\/{rel}","templated":true}]}}